{"id":7340,"date":"1999-02-08T18:37:44","date_gmt":"1999-02-08T18:37:44","guid":{"rendered":"https:\/\/www.cilip.de\/?p=7340"},"modified":"1999-02-08T18:37:44","modified_gmt":"1999-02-08T18:37:44","slug":"hochrangige-gruppe-asyl-und-einwanderung","status":"publish","type":"post","link":"https:\/\/wp-dev.daten.cool\/?p=7340","title":{"rendered":"Hochrangige Gruppe Asyl und Einwanderung"},"content":{"rendered":"<p>Dies ist der Name einer neuen Arbeitsgruppe, die der Rat am 8.\/9.12.1998 eingesetzt hat. Auf die Gruppe gehen diverse \u201eAktionspl\u00e4ne zur Bek\u00e4mpfung von Fluchtursachen\u201c zur\u00fcck, mit denen Druck auf die Herkunftsstaaten von Fl\u00fcchtlingen ausge\u00fcbt werden soll. Danach wird die EU in folgenden L\u00e4ndern bzw.\u00a0Regionen aktiv: Marokko, Afghanistan\/Pakistan, Somalia, \u201eAlbanien und Nachbarland\u201c (i.e.\u00a0Kosovo), Sri Lanka. Der bereits im Januar 1998 vom Rat angenommene Plan zu \u201eIrak und Nachbarregionen\u201c soll fortgef\u00fchrt werden. Er dient denn auch als Muster f\u00fcr die f\u00fcnf neuen Regionen: <!--more-->Von einer \u201eBek\u00e4mpfung von Fluchtursachen\u201c im eigentlichen Sinne, also von dem Versuch, politischen Druck auf Staaten auszu\u00fcben, die in gravierender Weise die Menschenrechte verletzen, konnte dabei nicht die Rede sein. Vielmehr erhielt die \u201eNachbarregion\u201c, die T\u00fcrkei, finanzielle Unterst\u00fctzung, um durch die Errichtung von Fl\u00fcchtlingslagern einerseits und die Verst\u00e4rkung von Grenzkontrollen andererseits daf\u00fcr zu sorgen, da\u00df nicht weiterhin kurdische Fl\u00fcchtlinge aus dem Irak Sicherheit in den EU-Staaten suchten. Die Fortf\u00fchrung dieses Plans nach der Entf\u00fchrung \u00d6calans und dem Beginn einer neuerlichen Repressionswelle in der T\u00fcrkei zeigt die Absurdit\u00e4t der Begr\u00fcndung.<\/p>\n<p>Die Hochrangige Gruppe soll dem Rat bis Oktober einen Schlu\u00dfbericht vorlegen, der Gegenstand des Sondergipfels der EU-Staats- und Regierungschefs im finnischen Tampere am 15.\/16.10.1999 sein soll. Bisher wurden weder das Europ\u00e4ische noch die nationalen Parlamente konsultiert.<\/p>\n<p>(Heiner Busch)<\/p>\n","protected":false},"excerpt":{"rendered":"<p>Dies ist der Name einer neuen Arbeitsgruppe, die der Rat am 8.\/9.12.1998 eingesetzt hat. Auf<\/p>\n","protected":false},"author":9,"featured_media":0,"comment_status":"closed","ping_status":"open","sticky":false,"template":"","format":"standard","meta":{"footnotes":""},"categories":[68,145],"tags":[],"class_list":["post-7340","post","type-post","status-publish","format-standard","hentry","category-cilip-062","category-meldungen-europa"],"_links":{"self":[{"href":"https:\/\/wp-dev.daten.cool\/index.php?rest_route=\/wp\/v2\/posts\/7340","targetHints":{"allow":["GET"]}}],"collection":[{"href":"https:\/\/wp-dev.daten.cool\/index.php?rest_route=\/wp\/v2\/posts"}],"about":[{"href":"https:\/\/wp-dev.daten.cool\/index.php?rest_route=\/wp\/v2\/types\/post"}],"author":[{"embeddable":true,"href":"https:\/\/wp-dev.daten.cool\/index.php?rest_route=\/wp\/v2\/users\/9"}],"replies":[{"embeddable":true,"href":"https:\/\/wp-dev.daten.cool\/index.php?rest_route=%2Fwp%2Fv2%2Fcomments&post=7340"}],"version-history":[{"count":0,"href":"https:\/\/wp-dev.daten.cool\/index.php?rest_route=\/wp\/v2\/posts\/7340\/revisions"}],"wp:attachment":[{"href":"https:\/\/wp-dev.daten.cool\/index.php?rest_route=%2Fwp%2Fv2%2Fmedia&parent=7340"}],"wp:term":[{"taxonomy":"category","embeddable":true,"href":"https:\/\/wp-dev.daten.cool\/index.php?rest_route=%2Fwp%2Fv2%2Fcategories&post=7340"},{"taxonomy":"post_tag","embeddable":true,"href":"https:\/\/wp-dev.daten.cool\/index.php?rest_route=%2Fwp%2Fv2%2Ftags&post=7340"}],"curies":[{"name":"wp","href":"https:\/\/api.w.org\/{rel}","templated":true}]}}