{"id":7391,"date":"2015-06-10T16:32:41","date_gmt":"2015-06-10T16:32:41","guid":{"rendered":"http:\/\/cilip.site36.net\/?p=7391"},"modified":"2015-06-10T16:32:41","modified_gmt":"2015-06-10T16:32:41","slug":"einladung-zur-release-veranstaltung-cilip108","status":"publish","type":"post","link":"https:\/\/wp-dev.daten.cool\/?p=7391","title":{"rendered":"Sozialarbeit und Polizei"},"content":{"rendered":"<p><strong>Veranstaltung anl\u00e4sslich des Erscheinens der <a href=\"https:\/\/www.cilip.de\/category\/archiv\/cilip-108\/\">108. Ausgabe<\/a> der\u00a0Zeitschrift CILIP\/B\u00fcrgerrechte &amp; Polizei zum Thema<\/strong><\/p>\n<p><a href=\"https:\/\/www.cilip.de\/files\/2015\/06\/CILIP_108-297x210.png\"><img loading=\"lazy\" decoding=\"async\" class=\"alignright size-full wp-image-6260\" src=\"https:\/\/www.cilip.de\/wp-content\/uploads\/2015\/06\/CILIP_108-297x210.png\" alt=\"\" width=\"209\" height=\"297\" \/><\/a>Gerne stellt die Polizei sich als \u201edein Freund und Helfer\u201c dar.\u00a0Was liegt dann n\u00e4her, als mit denen zusammen zu arbeiten, deren Beruf\u00a0ausdr\u00fccklich das Helfen ist? Seit drei\u00dfig Jahren unternehmen die\u00a0Polizeien in Deutschland immer wieder neue Versuche, mit\u00a0SozialarbeiterInnen zu kooperieren. Angeblich, weil man dieselben Ziele\u00a0bei denselben Adressaten verfolge. Die st\u00e4ndige Aufforderung, zum\u00a0Partner in Sicherheitsbelangen zu werden, stellt eine Bedrohung\u00a0sozialarbeiterischen Selbstverst\u00e4ndnisses dar. Will die Sozialarbeit\u00a0nicht als Juniorpartner der Sicherheitsapparate ihre eigene\u00a0Arbeitsgrundlage gef\u00e4hrden, muss sie sich der Vereinnahmung widersetzen.<\/p>\n<blockquote class=\"alignright\"><p>Donnerstag, 16.07.2015, 19.30 Uhr<br \/>\nAntiquariat M\u00fc\u00dfiggang, Oranienstr. 14a, Heinrichplatz, 10999 Berlin<\/p><\/blockquote>\n<p>In Anlehnung an die aktuelle Ausgabe wird CILIP-Redakteur Norbert P\u00fctter\u00a0einige Felder polizeilich-sozialarbeiterischer Zusammenarbeit, die\u00a0daraus resultierenden Gefahren und m\u00f6gliche Alternativen vorstellen.<\/p>\n<p><em>Veranstaltet vom Institut f\u00fcr B\u00fcrgerrechte &amp; \u00f6ffentliche Sicherheit e.V.<\/em><\/p>\n","protected":false},"excerpt":{"rendered":"<p>Veranstaltung anl\u00e4sslich des Erscheinens der 108. Ausgabe der\u00a0Zeitschrift CILIP\/B\u00fcrgerrechte &amp; Polizei zum Thema Gerne stellt<\/p>\n","protected":false},"author":2,"featured_media":0,"comment_status":"open","ping_status":"open","sticky":false,"template":"","format":"standard","meta":{"footnotes":""},"categories":[113,150],"tags":[],"class_list":["post-7391","post","type-post","status-publish","format-standard","hentry","category-cilip-108","category-veranstaltungen"],"_links":{"self":[{"href":"https:\/\/wp-dev.daten.cool\/index.php?rest_route=\/wp\/v2\/posts\/7391","targetHints":{"allow":["GET"]}}],"collection":[{"href":"https:\/\/wp-dev.daten.cool\/index.php?rest_route=\/wp\/v2\/posts"}],"about":[{"href":"https:\/\/wp-dev.daten.cool\/index.php?rest_route=\/wp\/v2\/types\/post"}],"author":[{"embeddable":true,"href":"https:\/\/wp-dev.daten.cool\/index.php?rest_route=\/wp\/v2\/users\/2"}],"replies":[{"embeddable":true,"href":"https:\/\/wp-dev.daten.cool\/index.php?rest_route=%2Fwp%2Fv2%2Fcomments&post=7391"}],"version-history":[{"count":0,"href":"https:\/\/wp-dev.daten.cool\/index.php?rest_route=\/wp\/v2\/posts\/7391\/revisions"}],"wp:attachment":[{"href":"https:\/\/wp-dev.daten.cool\/index.php?rest_route=%2Fwp%2Fv2%2Fmedia&parent=7391"}],"wp:term":[{"taxonomy":"category","embeddable":true,"href":"https:\/\/wp-dev.daten.cool\/index.php?rest_route=%2Fwp%2Fv2%2Fcategories&post=7391"},{"taxonomy":"post_tag","embeddable":true,"href":"https:\/\/wp-dev.daten.cool\/index.php?rest_route=%2Fwp%2Fv2%2Ftags&post=7391"}],"curies":[{"name":"wp","href":"https:\/\/api.w.org\/{rel}","templated":true}]}}