{"id":756,"date":"2012-12-05T16:59:28","date_gmt":"2012-12-05T16:59:28","guid":{"rendered":"http:\/\/www.cilip.de\/?p=756"},"modified":"2012-12-05T16:59:28","modified_gmt":"2012-12-05T16:59:28","slug":"redaktionsmitteilung-6","status":"publish","type":"post","link":"https:\/\/wp-dev.daten.cool\/?p=756","title":{"rendered":"Redaktionsmitteilung"},"content":{"rendered":"<p>Unser Titelbild zeigt die Br\u00fcckenstra\u00dfe in Berlin-Treptow. Sie rangiert in den Meldungen von Reach-out, der Berliner Beratungsstelle f\u00fcr Opfer rechtsextremer und rassistischer Gewalt, immer wieder als Tatort. Der letzte Eintrag stammt vom 2. September 2012: &#8222;Gegen 3.20 Uhr wird ein 23-j\u00e4hriger Mann von drei Neonazis, die zu einem Bundestreffen in der Neonazi-Kneipe &#8218;Zum Henker&#8216; angereist sind, als &#8218;Linker&#8216; erkannt, geschubst, geschlagen und gejagt. Der 23-J\u00e4hrige rettet sich in einen Imbiss.&#8220;<!--more--><\/p>\n<p>706 F\u00e4lle wie diese haben die Beratungsstellen in den ostdeutschen Bundesl\u00e4ndern f\u00fcr 2011 gez\u00e4hlt. &#8222;Jedes Jahr werden Menschen aus rassistischen, antisemitischen, homophoben oder sozialdarwinistischen Motiven angegriffenen und ermordet&#8220;, schreiben sie im Begleittext ihrer Statistik. Dies anzuerkennen, w\u00e4re ein &#8222;erster Schritt der Solidarit\u00e4t mit den Opfern und Hinterbliebenen.&#8220; Genau das ist den Familien der vom &#8222;Nationalsozialistischen Untergrund&#8220; (NSU) ermordeten MigrantInnen \u00fcber Jahre versagt geblieben. Rund ein Jahr nach der Aufdeckung des NSU sind die Untersuchungsaussch\u00fcsse zwar noch immer mit der Aufkl\u00e4rung des Versagens der &#8222;Sicherheitsbeh\u00f6rden&#8220; befasst. Die Politik der Inneren Sicherheit hat den NSU aber l\u00e4ngst zu einem Betriebsunfall heruntergestuft und ist zu ihren alten Themen zur\u00fcckgekehrt: Polizei und Geheimdienste sollen noch enger zusammenarbeiten, die Sicherheitsarchitektur wird weiter ausgebaut.<\/p>\n<p>***<\/p>\n<p>Mit dem vorliegenden Doppelheft haben wir unseren zeitlichen R\u00fcckstand zwar etwas aufgeholt, den alten Rhythmus aber immer noch nicht gefunden. Daf\u00fcr bitten wir um Entschuldigung und hoffen, dass uns unsere LeserInnen dennoch treu bleiben. Die n\u00e4chste Ausgabe ist in Vorbereitung. Sie wird sich im Schwerpunkt mit dem kriminalpolizeilichen Staatsschutz befassen.<\/p>\n<p>(Heiner Busch)<\/p>\n","protected":false},"excerpt":{"rendered":"<p>Unser Titelbild zeigt die Br\u00fcckenstra\u00dfe in Berlin-Treptow. Sie rangiert in den Meldungen von Reach-out, der<\/p>\n","protected":false},"author":9,"featured_media":0,"comment_status":"open","ping_status":"open","sticky":false,"template":"","format":"standard","meta":{"footnotes":""},"categories":[107,141],"tags":[],"class_list":["post-756","post","type-post","status-publish","format-standard","hentry","category-cilip-101-102","category-editorials"],"_links":{"self":[{"href":"https:\/\/wp-dev.daten.cool\/index.php?rest_route=\/wp\/v2\/posts\/756","targetHints":{"allow":["GET"]}}],"collection":[{"href":"https:\/\/wp-dev.daten.cool\/index.php?rest_route=\/wp\/v2\/posts"}],"about":[{"href":"https:\/\/wp-dev.daten.cool\/index.php?rest_route=\/wp\/v2\/types\/post"}],"author":[{"embeddable":true,"href":"https:\/\/wp-dev.daten.cool\/index.php?rest_route=\/wp\/v2\/users\/9"}],"replies":[{"embeddable":true,"href":"https:\/\/wp-dev.daten.cool\/index.php?rest_route=%2Fwp%2Fv2%2Fcomments&post=756"}],"version-history":[{"count":0,"href":"https:\/\/wp-dev.daten.cool\/index.php?rest_route=\/wp\/v2\/posts\/756\/revisions"}],"wp:attachment":[{"href":"https:\/\/wp-dev.daten.cool\/index.php?rest_route=%2Fwp%2Fv2%2Fmedia&parent=756"}],"wp:term":[{"taxonomy":"category","embeddable":true,"href":"https:\/\/wp-dev.daten.cool\/index.php?rest_route=%2Fwp%2Fv2%2Fcategories&post=756"},{"taxonomy":"post_tag","embeddable":true,"href":"https:\/\/wp-dev.daten.cool\/index.php?rest_route=%2Fwp%2Fv2%2Ftags&post=756"}],"curies":[{"name":"wp","href":"https:\/\/api.w.org\/{rel}","templated":true}]}}