{"id":844,"date":"2011-02-07T20:13:08","date_gmt":"2011-02-07T20:13:08","guid":{"rendered":"http:\/\/www.cilip.de\/?p=844"},"modified":"2011-02-07T20:13:08","modified_gmt":"2011-02-07T20:13:08","slug":"redaktionsmitteilung-8","status":"publish","type":"post","link":"https:\/\/wp-dev.daten.cool\/?p=844","title":{"rendered":"Redaktionsmitteilung"},"content":{"rendered":"<p>So schnell kann das gehen: Noch im Fr\u00fchjahr dieses Jahres applaudierten PolitikerInnen und Medien auch hierzulande den &#8222;Facebook-Revolutionen&#8220; in Tunesien und \u00c4gypten. Mutige BloggerInnen hatten der Meinungsfreiheit zum Durchbruch verholfen. Via Twitter kamen die Demo-Termine und auf YouTube konnte man Handy-Filme der Aufst\u00e4ndischen bestaunen.<\/p>\n<p>Nur wenige Monate sp\u00e4ter ist die Begeisterung verflogen. Im &#8222;Spiegel&#8220; wettert Bundesinnenminister Hans-Peter Friedrich Anfang August gegen die &#8222;anonymen Blogger&#8220;, bei denen sich Anders Breivik, der Attent\u00e4ter von Oslo, die Versatzst\u00fccke seiner Ideologie zusammengesucht hat. Warum m\u00fcssen sie &#8222;ihre wahre Identit\u00e4t nicht offenbaren?&#8220;, fragt er. Ein Vermummungsverbot f\u00fcrs Internet will er aber nicht gefordert haben. Im britischen Unterhaus entsetzt sich Premier David Cameron dar\u00fcber, dass sich die Randalierer in London und anderen St\u00e4dten \u00fcber die diversen &#8222;social media&#8220; verabredet haben. Er propagiert Kommunikationssperren.<!--more--><\/p>\n<p>Der &#8222;Cyberspace&#8220; ist seit Jahren eine ideale Projektionsfl\u00e4che f\u00fcr SicherheitspolitikerInnen, Polizei, Geheimdienste und im wachsenden Ma\u00dfe auch f\u00fcr Milit\u00e4rs. Die Gremien und Institutionen zur Sicherung dieser &#8222;kritischen Infrastruktur&#8220; gegen Angriffe von Hackern, Kriminellen, Terroristen oder feindlichen Staaten boomen. Das Internet ist l\u00e4ngst (auch) zu einem Testfeld neuer verdeckter \u00dcberwachungsmethoden geworden.<\/p>\n<p>***<\/p>\n<p>Die Hamburger Polizeikommission war der einzige Versuch, eine von Justiz und Parlamenten unabh\u00e4ngige Form der Kontrolle zu etablieren. Sie wurde nach nur zwei Jahren wieder abgeschafft. Haben solche Institutionen heute bessere Chancen? Welche Modelle kommen daf\u00fcr in Frage? Mit diesem Thema wird sich die kommende Ausgabe von B\u00fcrgerrechte &amp; Polizei\/CILIP befassen.<\/p>\n<p>(Heiner Busch)<\/p>\n","protected":false},"excerpt":{"rendered":"<p>So schnell kann das gehen: Noch im Fr\u00fchjahr dieses Jahres applaudierten PolitikerInnen und Medien auch<\/p>\n","protected":false},"author":9,"featured_media":0,"comment_status":"open","ping_status":"open","sticky":false,"template":"","format":"standard","meta":{"footnotes":""},"categories":[104,141],"tags":[],"class_list":["post-844","post","type-post","status-publish","format-standard","hentry","category-cilip-098","category-editorials"],"_links":{"self":[{"href":"https:\/\/wp-dev.daten.cool\/index.php?rest_route=\/wp\/v2\/posts\/844","targetHints":{"allow":["GET"]}}],"collection":[{"href":"https:\/\/wp-dev.daten.cool\/index.php?rest_route=\/wp\/v2\/posts"}],"about":[{"href":"https:\/\/wp-dev.daten.cool\/index.php?rest_route=\/wp\/v2\/types\/post"}],"author":[{"embeddable":true,"href":"https:\/\/wp-dev.daten.cool\/index.php?rest_route=\/wp\/v2\/users\/9"}],"replies":[{"embeddable":true,"href":"https:\/\/wp-dev.daten.cool\/index.php?rest_route=%2Fwp%2Fv2%2Fcomments&post=844"}],"version-history":[{"count":0,"href":"https:\/\/wp-dev.daten.cool\/index.php?rest_route=\/wp\/v2\/posts\/844\/revisions"}],"wp:attachment":[{"href":"https:\/\/wp-dev.daten.cool\/index.php?rest_route=%2Fwp%2Fv2%2Fmedia&parent=844"}],"wp:term":[{"taxonomy":"category","embeddable":true,"href":"https:\/\/wp-dev.daten.cool\/index.php?rest_route=%2Fwp%2Fv2%2Fcategories&post=844"},{"taxonomy":"post_tag","embeddable":true,"href":"https:\/\/wp-dev.daten.cool\/index.php?rest_route=%2Fwp%2Fv2%2Ftags&post=844"}],"curies":[{"name":"wp","href":"https:\/\/api.w.org\/{rel}","templated":true}]}}