{"id":900,"date":"2010-12-07T20:42:02","date_gmt":"2010-12-07T20:42:02","guid":{"rendered":"http:\/\/www.cilip.de\/?p=900"},"modified":"2010-12-07T20:42:02","modified_gmt":"2010-12-07T20:42:02","slug":"redaktionsmitteilung-9","status":"publish","type":"post","link":"https:\/\/wp-dev.daten.cool\/?p=900","title":{"rendered":"Redaktionsmitteilung"},"content":{"rendered":"<p>Der private Sicherheitssektor strebt nach Anerkennung. Er will Teil jener &#8222;neuen Sicherheitsarchitektur&#8220; sein, \u00fcber die seit 2001 in den verschiedensten Variationen diskutiert wird. M\u00f6gliche Felder einer engeren Zusammenarbeit zwischen Staat und Privaten reichten vom Personen- und Objektschutz \u00fcber die Sicherung von Gro\u00dfveranstaltungen bis hin zur \u00dcberwachung von Abschiebegef\u00e4ngnissen und \u00f6ffentlichen Verkehrsmitteln, hie\u00df es im Jahre 2008 in einer Studie des Deutschen Industrie- und Handelskammertages.<\/p>\n<p>Diese Liste l\u00e4sst sich verl\u00e4ngern und sie bezieht sich l\u00e4ngst nicht nur auf jene Wachschutz-, Streifen- und Kontrollt\u00e4tigkeiten, bei denen die privaten Sicherheitsdienste \u00f6ffentlich in Erscheinung treten. Als Partner &#8222;auf gleicher Augenh\u00f6he&#8220; mit der Polizei anerkannt werden wollen auch die Vereinigungen f\u00fcr die Sicherheit der Wirtschaft und erst recht die Sicherheitsabteilungen von Gro\u00dfkonzernen, jene &#8222;Global Players&#8220;, mit denen das Bundeskriminalamt 2006 eine Initiative startete. Sie sind international pr\u00e4sent, sie verf\u00fcgen \u00fcber eigene Informationen und haben dem BKA scheinbar einiges zu bieten \u2013 auch wenn der Ma\u00dfstab ihrer T\u00e4tigkeit nicht das Recht, sondern das Firmeninteresse ist.<!--more--><\/p>\n<p>Ob es um solche &#8222;Firmenkripos&#8220; geht, die interne Ermittlungen nach eigenen Regeln und mit eigener Zielsetzung f\u00fchren, um firmenexterne Detekteien und Sicherheitsberater, um kommerzielle Anbieter von &#8222;Intelligence&#8220; \u2013 die private Strafverfolgung ist immer ein &#8222;Fall f\u00fcr zwei&#8220;. Sie kann ohne ihre Beziehung zu den staatlichen Sicherheitsapparaten nicht diskutiert werden.<\/p>\n<p>***<\/p>\n<p>Sp\u00e4testens seit den Umbr\u00fcchen in Nordafrika gilt das Internet als Treibriemen der Befreiung. Das weltweite Netz ist aber auch der Rahmen f\u00fcr neue Formen polizeilicher und geheimdienstlicher Kontrolle. Mit diesem Thema wird sich die kommende Ausgabe von B\u00fcrgerrechte &amp; Polizei\/ CILIP befassen.<\/p>\n<p>(Heiner Busch)<\/p>\n","protected":false},"excerpt":{"rendered":"<p>Der private Sicherheitssektor strebt nach Anerkennung. Er will Teil jener &#8222;neuen Sicherheitsarchitektur&#8220; sein, \u00fcber die<\/p>\n","protected":false},"author":9,"featured_media":0,"comment_status":"open","ping_status":"open","sticky":false,"template":"","format":"standard","meta":{"footnotes":""},"categories":[103,141],"tags":[],"class_list":["post-900","post","type-post","status-publish","format-standard","hentry","category-cilip-097","category-editorials"],"_links":{"self":[{"href":"https:\/\/wp-dev.daten.cool\/index.php?rest_route=\/wp\/v2\/posts\/900","targetHints":{"allow":["GET"]}}],"collection":[{"href":"https:\/\/wp-dev.daten.cool\/index.php?rest_route=\/wp\/v2\/posts"}],"about":[{"href":"https:\/\/wp-dev.daten.cool\/index.php?rest_route=\/wp\/v2\/types\/post"}],"author":[{"embeddable":true,"href":"https:\/\/wp-dev.daten.cool\/index.php?rest_route=\/wp\/v2\/users\/9"}],"replies":[{"embeddable":true,"href":"https:\/\/wp-dev.daten.cool\/index.php?rest_route=%2Fwp%2Fv2%2Fcomments&post=900"}],"version-history":[{"count":0,"href":"https:\/\/wp-dev.daten.cool\/index.php?rest_route=\/wp\/v2\/posts\/900\/revisions"}],"wp:attachment":[{"href":"https:\/\/wp-dev.daten.cool\/index.php?rest_route=%2Fwp%2Fv2%2Fmedia&parent=900"}],"wp:term":[{"taxonomy":"category","embeddable":true,"href":"https:\/\/wp-dev.daten.cool\/index.php?rest_route=%2Fwp%2Fv2%2Fcategories&post=900"},{"taxonomy":"post_tag","embeddable":true,"href":"https:\/\/wp-dev.daten.cool\/index.php?rest_route=%2Fwp%2Fv2%2Ftags&post=900"}],"curies":[{"name":"wp","href":"https:\/\/api.w.org\/{rel}","templated":true}]}}