{"id":930,"date":"2010-02-01T20:55:10","date_gmt":"2010-02-01T20:55:10","guid":{"rendered":"http:\/\/www.cilip.de\/?p=930"},"modified":"2010-02-01T20:55:10","modified_gmt":"2010-02-01T20:55:10","slug":"mitarbeiterinnen-dieser-ausgabe-3","status":"publish","type":"post","link":"https:\/\/wp-dev.daten.cool\/?p=930","title":{"rendered":"MitarbeiterInnen dieser Ausgabe 95 (1\/2010)"},"content":{"rendered":"<p><!--more--><\/p>\n<p><i>Martin\u00a0Beck, <\/i>Berlin, Redakteur von ak \u2013 analyse &amp; kritik und Mitglied der CILIP-Redaktion<\/p>\n<p><i>Heiner\u00a0Busch<\/i>, Bern, Redakteur von CILIP, Vorstandsmitglied des Komitees f\u00fcr Grundrechte und Demokratie<\/p>\n<p><i>Otto Diederichs<\/i>, Berlin, freier Journalist<\/p>\n<p><i>Volker\u00a0Eick<\/i>, Berlin, Politikwissenschaftler an der Freien Universit\u00e4t Berlin, John F. Kennedy Institut, Abteilung Politik<\/p>\n<p><i>Angela\u00a0Furmaniak,<\/i> Freiburg\/L\u00f6rrach, Rechtsanw\u00e4ltin und Mitglied des Republikanischen Anw\u00e4ltinnen- und Anw\u00e4ltevereins (RAV)<\/p>\n<p><i>Viktor\u00a0Gy\u00f6rffy, <\/i>Z\u00fcrich, Rechtsanwalt, Mitglied der Demokratischen JuristInnen Schweiz und Pr\u00e4sident von grundrechte.ch<\/p>\n<p><i>Mark\u00a0Holzberger,<\/i> Referent f\u00fcr Migrations- und Integrationspolitik der Bundestagsfraktion B\u00fcndnis 90\/Die Gr\u00fcnen, Mitglied der CILIP-Redaktion<\/p>\n<p><i>Martina\u00a0Kant<\/i>, Berlin, Redakteurin von CILIP und Bundesgesch\u00e4ftsf\u00fchrerin der Humanistischen Union<\/p>\n<p><i>Fabian\u00a0Kunow, <\/i>Berlin, freier Journalist und Master-Student der Sozialwissenschaften an der Humboldt-Universit\u00e4t Berlin<\/p>\n<p><i>Katrin McGauran,<\/i> Amsterdam, Mitarbeiterin von Statewatch<\/p>\n<p><i>Wolf-Dieter Narr, <\/i>Berlin, Professor f\u00fcr Politikwissenschaft an der FU Berlin und Mitherausgeber von CILIP<\/p>\n<p><i>Randalf\u00a0Neubert,<\/i> Berlin, Mitarbeiter des Instituts f\u00fcr B\u00fcrgerrechte &amp; \u00f6ffentliche Sicherheit<\/p>\n<p><i>Norbert P\u00fctter<\/i>, Berlin, Redakteur von CILIP<\/p>\n<p><i>Martin\u00a0Schauerhammer, <\/i>Berlin, Dipl.-Politologe, Mitglied der CILIP-Redaktion<\/p>\n<p><i>Oliver\u00a0Schneider,<\/i> Berlin, freier Journalist und Wissenschaftler mit Schwerpunkt Polizei und Geheimdienste<\/p>\n<p><i>Tobias\u00a0Singelnstein, <\/i>Berlin, Wissenschaftlicher Mitarbeiter am Fachbereich Rechtswissenschaft der Freien Universit\u00e4t Berlin<\/p>\n<p><i>Eric\u00a0T\u00f6pfer<\/i>, Berlin, Politikwissenschaftler am Zentrum Technik und Gesellschaft der TU Berlin, Redakteur von CILIP<\/p>\n<p><i>Dirk\u00a0Vogelskamp,<\/i> K\u00f6ln, Sekret\u00e4r des Komitees f\u00fcr Grundrechte und Demokratie<\/p>\n<p><i>Jan\u00a0W\u00f6rlein, <\/i>Berlin, studentischer Mitarbeiter an der FU Berlin, Redakteur von CILIP<\/p>\n<p>&nbsp;<\/p>\n","protected":false},"excerpt":{"rendered":"","protected":false},"author":2,"featured_media":0,"comment_status":"open","ping_status":"open","sticky":false,"template":"","format":"standard","meta":{"footnotes":""},"categories":[101],"tags":[],"class_list":["post-930","post","type-post","status-publish","format-standard","hentry","category-cilip-095"],"_links":{"self":[{"href":"https:\/\/wp-dev.daten.cool\/index.php?rest_route=\/wp\/v2\/posts\/930","targetHints":{"allow":["GET"]}}],"collection":[{"href":"https:\/\/wp-dev.daten.cool\/index.php?rest_route=\/wp\/v2\/posts"}],"about":[{"href":"https:\/\/wp-dev.daten.cool\/index.php?rest_route=\/wp\/v2\/types\/post"}],"author":[{"embeddable":true,"href":"https:\/\/wp-dev.daten.cool\/index.php?rest_route=\/wp\/v2\/users\/2"}],"replies":[{"embeddable":true,"href":"https:\/\/wp-dev.daten.cool\/index.php?rest_route=%2Fwp%2Fv2%2Fcomments&post=930"}],"version-history":[{"count":0,"href":"https:\/\/wp-dev.daten.cool\/index.php?rest_route=\/wp\/v2\/posts\/930\/revisions"}],"wp:attachment":[{"href":"https:\/\/wp-dev.daten.cool\/index.php?rest_route=%2Fwp%2Fv2%2Fmedia&parent=930"}],"wp:term":[{"taxonomy":"category","embeddable":true,"href":"https:\/\/wp-dev.daten.cool\/index.php?rest_route=%2Fwp%2Fv2%2Fcategories&post=930"},{"taxonomy":"post_tag","embeddable":true,"href":"https:\/\/wp-dev.daten.cool\/index.php?rest_route=%2Fwp%2Fv2%2Ftags&post=930"}],"curies":[{"name":"wp","href":"https:\/\/api.w.org\/{rel}","templated":true}]}}