{"id":934,"date":"2010-02-07T20:56:28","date_gmt":"2010-02-07T20:56:28","guid":{"rendered":"http:\/\/www.cilip.de\/?p=934"},"modified":"2010-02-07T20:56:28","modified_gmt":"2010-02-07T20:56:28","slug":"redaktionsmitteilung-11","status":"publish","type":"post","link":"https:\/\/wp-dev.daten.cool\/?p=934","title":{"rendered":"Redaktionsmitteilung"},"content":{"rendered":"<p>&#8222;Vor vielen Jahren sch\u00fctzte die Uniform den Polizeibeamten, denn sie verlieh Autorit\u00e4t und stellte so klar, wer das Sagen hat, auf der Stra\u00dfe, in jedem Einsatz.&#8220; So steht es auf der Homepage der Gewerkschaft der Polizei, in einem Text, mit dem ihr Bundesvorstand seine &#8222;Anti-Gewalt-Kampagne&#8220; vorstellt. Heute m\u00fcssten PolizeibeamtInnen besonders in Ballungsgebieten an fast jedem Wochenende &#8222;ihre Haut zu Markte tragen&#8220;. Die GdP, die \u2013 vor vielen Jahren \u2013 f\u00fcr eine Demokratisierung der Polizei nach innen und au\u00dfen angetreten ist, w\u00fcnscht sich nun die Wiederkehr der alten Zeiten: &#8222;Der Uniform und allem was dahinter steht \u2026 muss zu jeder Zeit Geltung verschafft werden.&#8220;<\/p>\n<p>Die Emp\u00f6rung \u00fcber die angebliche Zunahme von Angriffen auf PolizistInnen geh\u00f6rt derzeit zu den Mantras von InnenpolitikerInnen und polizeilichen Standesorganisationen. Trotz der markigen Worte sind die Belege allerdings reichlich d\u00fcnn. Dass die Innenministerien bis heute nicht willens sind, aussagef\u00e4hige Statistiken \u00fcber Verletzungen im Polizeidienst vorzulegen, ist ein deutliches Indiz daf\u00fcr, dass sie das Berufsrisiko ihrer BeamtInnen nur dann interessiert, wenn sich daraus politischer Schaum schlagen l\u00e4sst. Die Zahlen \u00fcber im Dienst get\u00f6tete PolizistInnen zeigen jedenfalls, dass der Polizeiberuf nach wie vor sehr sicher ist. Der Verdacht, dass es hier vor allem darum geht, Respekt vor der staatlichen Autorit\u00e4t einzufordern, dr\u00e4ngt sich nicht nur angesichts jener S\u00e4tze auf, mit der die GdP der Uniform wieder Geltung verschaffen will.<!--more--><\/p>\n<p>Die Beitr\u00e4ge dieser Ausgabe wurden vor der Innenministerkonferenz Ende Mai und der Ver\u00f6ffentlichung der ersten Ergebnisse der Studie des Kriminologischen Forschungsinstituts Niedersachsen fertig gestellt. Beides wird im n\u00e4chsten Heft zu w\u00fcrdigen sein.<\/p>\n<p>***<\/p>\n<p>Die vielf\u00e4ltigen Auslandseins\u00e4tze, die polizeiliche Ausbildungshilfe, die Entsendung von VerbindungsbeamtInnen etc. zeigen, dass polizeiliche T\u00e4tigkeit weniger denn je an der Staatsgrenze endet. &#8222;Polizei unterwegs&#8220; lautet daher der Arbeitstitel f\u00fcr die kommende Ausgabe von B\u00fcrgerrechte &amp; Polizei\/CILIP.<\/p>\n<p>(Heiner Busch)<\/p>\n","protected":false},"excerpt":{"rendered":"<p>&#8222;Vor vielen Jahren sch\u00fctzte die Uniform den Polizeibeamten, denn sie verlieh Autorit\u00e4t und stellte so<\/p>\n","protected":false},"author":9,"featured_media":0,"comment_status":"open","ping_status":"open","sticky":false,"template":"","format":"standard","meta":{"footnotes":""},"categories":[101,141],"tags":[],"class_list":["post-934","post","type-post","status-publish","format-standard","hentry","category-cilip-095","category-editorials"],"_links":{"self":[{"href":"https:\/\/wp-dev.daten.cool\/index.php?rest_route=\/wp\/v2\/posts\/934","targetHints":{"allow":["GET"]}}],"collection":[{"href":"https:\/\/wp-dev.daten.cool\/index.php?rest_route=\/wp\/v2\/posts"}],"about":[{"href":"https:\/\/wp-dev.daten.cool\/index.php?rest_route=\/wp\/v2\/types\/post"}],"author":[{"embeddable":true,"href":"https:\/\/wp-dev.daten.cool\/index.php?rest_route=\/wp\/v2\/users\/9"}],"replies":[{"embeddable":true,"href":"https:\/\/wp-dev.daten.cool\/index.php?rest_route=%2Fwp%2Fv2%2Fcomments&post=934"}],"version-history":[{"count":0,"href":"https:\/\/wp-dev.daten.cool\/index.php?rest_route=\/wp\/v2\/posts\/934\/revisions"}],"wp:attachment":[{"href":"https:\/\/wp-dev.daten.cool\/index.php?rest_route=%2Fwp%2Fv2%2Fmedia&parent=934"}],"wp:term":[{"taxonomy":"category","embeddable":true,"href":"https:\/\/wp-dev.daten.cool\/index.php?rest_route=%2Fwp%2Fv2%2Fcategories&post=934"},{"taxonomy":"post_tag","embeddable":true,"href":"https:\/\/wp-dev.daten.cool\/index.php?rest_route=%2Fwp%2Fv2%2Ftags&post=934"}],"curies":[{"name":"wp","href":"https:\/\/api.w.org\/{rel}","templated":true}]}}